{"id":1793,"date":"2021-02-17T12:31:08","date_gmt":"2021-02-17T17:31:08","guid":{"rendered":"https:\/\/serraniagua.org\/anterior\/?p=1793"},"modified":"2021-02-17T12:39:34","modified_gmt":"2021-02-17T17:39:34","slug":"calendario-tematico-serraniagua-2021","status":"publish","type":"post","link":"https:\/\/serraniagua.org\/anterior\/?p=1793","title":{"rendered":"Calendario Tem\u00e1tico Serraniagua &#8211; 2021"},"content":{"rendered":"<p>&#8220;Caf\u00e9 de conservaci\u00f3n en la Serran\u00eda de los Paraguas &#8211; COMAM &#8220;, la nueva tem\u00e1tica de nuestro calendario 2021. Disponible para compartir en nuestra Casa Ambiental Comunitaria Serraniagua, Caf\u00e9 Cultural COMAM.<\/p>\n<p><img decoding=\"async\" loading=\"lazy\" class=\"aligncenter size-full wp-image-1796\" src=\"https:\/\/serraniagua.org\/anterior\/wp-content\/uploads\/2021\/02\/calendario_serraniagua_2021_02052021_1754_final.png\" alt=\"\" width=\"1600\" height=\"2315\" srcset=\"https:\/\/serraniagua.org\/anterior\/wp-content\/uploads\/2021\/02\/calendario_serraniagua_2021_02052021_1754_final.png 1600w, https:\/\/serraniagua.org\/anterior\/wp-content\/uploads\/2021\/02\/calendario_serraniagua_2021_02052021_1754_final-207x300.png 207w, https:\/\/serraniagua.org\/anterior\/wp-content\/uploads\/2021\/02\/calendario_serraniagua_2021_02052021_1754_final-708x1024.png 708w, https:\/\/serraniagua.org\/anterior\/wp-content\/uploads\/2021\/02\/calendario_serraniagua_2021_02052021_1754_final-768x1111.png 768w, https:\/\/serraniagua.org\/anterior\/wp-content\/uploads\/2021\/02\/calendario_serraniagua_2021_02052021_1754_final-1062x1536.png 1062w, https:\/\/serraniagua.org\/anterior\/wp-content\/uploads\/2021\/02\/calendario_serraniagua_2021_02052021_1754_final-1415x2048.png 1415w, https:\/\/serraniagua.org\/anterior\/wp-content\/uploads\/2021\/02\/calendario_serraniagua_2021_02052021_1754_final-600x868.png 600w\" sizes=\"(max-width: 1600px) 100vw, 1600px\" \/><\/p>\n","protected":false},"excerpt":{"rendered":"<p>&#8220;Caf\u00e9 de conservaci\u00f3n en la Serran\u00eda de los Paraguas &#8211; COMAM &#8220;, la nueva tem\u00e1tica de nuestro calendario 2021. Disponible para compartir en nuestra Casa Ambiental Comunitaria Serraniagua, Caf\u00e9 Cultural<\/p>\n","protected":false},"author":1,"featured_media":1794,"comment_status":"open","ping_status":"open","sticky":false,"template":"","format":"standard","meta":[],"categories":[52],"tags":[],"yoast_head":"<!-- This site is optimized with the Yoast SEO plugin v20.6 - https:\/\/yoast.com\/wordpress\/plugins\/seo\/ -->\n<title>Calendario Tem\u00e1tico Serraniagua - 2021 - Serraniagua<\/title>\n<meta name=\"robots\" content=\"noindex, follow, max-snippet:-1, max-image-preview:large, max-video-preview:-1\" \/>\n<meta property=\"og:locale\" content=\"es_ES\" \/>\n<meta property=\"og:type\" content=\"article\" \/>\n<meta property=\"og:title\" content=\"Calendario Tem\u00e1tico Serraniagua - 2021 - Serraniagua\" \/>\n<meta property=\"og:description\" content=\"&#8220;Caf\u00e9 de conservaci\u00f3n en la Serran\u00eda de los Paraguas &#8211; COMAM &#8220;, la nueva tem\u00e1tica de nuestro calendario 2021. Disponible para compartir en nuestra Casa Ambiental Comunitaria Serraniagua, Caf\u00e9 Cultural\" \/>\n<meta property=\"og:url\" content=\"https:\/\/serraniagua.org\/anterior\/?p=1793\" \/>\n<meta property=\"og:site_name\" content=\"Serraniagua\" \/>\n<meta property=\"article:publisher\" content=\"https:\/\/www.facebook.com\/Serraniagua\" \/>\n<meta property=\"article:published_time\" content=\"2021-02-17T17:31:08+00:00\" \/>\n<meta property=\"article:modified_time\" content=\"2021-02-17T17:39:34+00:00\" \/>\n<meta property=\"og:image\" content=\"https:\/\/serraniagua.org\/anterior\/wp-content\/uploads\/2021\/02\/calendario_2021.png\" \/>\n\t<meta property=\"og:image:width\" content=\"370\" \/>\n\t<meta property=\"og:image:height\" content=\"325\" \/>\n\t<meta property=\"og:image:type\" content=\"image\/png\" \/>\n<meta name=\"author\" content=\"C\u00e9sar Gonz\u00e1lez\" \/>\n<meta name=\"twitter:card\" content=\"summary_large_image\" \/>\n<meta name=\"twitter:creator\" content=\"@Serraniagua\" \/>\n<meta name=\"twitter:site\" content=\"@Serraniagua\" \/>\n<meta name=\"twitter:label1\" content=\"Escrito por\" \/>\n\t<meta name=\"twitter:data1\" content=\"C\u00e9sar Gonz\u00e1lez\" \/>\n<script type=\"application\/ld+json\" class=\"yoast-schema-graph\">{\"@context\":\"https:\/\/schema.org\",\"@graph\":[{\"@type\":\"Article\",\"@id\":\"https:\/\/serraniagua.org\/anterior\/?p=1793#article\",\"isPartOf\":{\"@id\":\"https:\/\/serraniagua.org\/anterior\/?p=1793\"},\"author\":{\"name\":\"C\u00e9sar Gonz\u00e1lez\",\"@id\":\"https:\/\/serraniagua.org\/anterior\/#\/schema\/person\/8950aa256d6f6cf19b4877561b6345af\"},\"headline\":\"Calendario Tem\u00e1tico Serraniagua &#8211; 2021\",\"datePublished\":\"2021-02-17T17:31:08+00:00\",\"dateModified\":\"2021-02-17T17:39:34+00:00\",\"mainEntityOfPage\":{\"@id\":\"https:\/\/serraniagua.org\/anterior\/?p=1793\"},\"wordCount\":37,\"commentCount\":0,\"publisher\":{\"@id\":\"https:\/\/serraniagua.org\/anterior\/#organization\"},\"articleSection\":[\"Noticias\"],\"inLanguage\":\"es-CO\",\"potentialAction\":[{\"@type\":\"CommentAction\",\"name\":\"Comment\",\"target\":[\"https:\/\/serraniagua.org\/anterior\/?p=1793#respond\"]}]},{\"@type\":\"WebPage\",\"@id\":\"https:\/\/serraniagua.org\/anterior\/?p=1793\",\"url\":\"https:\/\/serraniagua.org\/anterior\/?p=1793\",\"name\":\"Calendario Tem\u00e1tico Serraniagua - 2021 - Serraniagua\",\"isPartOf\":{\"@id\":\"https:\/\/serraniagua.org\/anterior\/#website\"},\"datePublished\":\"2021-02-17T17:31:08+00:00\",\"dateModified\":\"2021-02-17T17:39:34+00:00\",\"breadcrumb\":{\"@id\":\"https:\/\/serraniagua.org\/anterior\/?p=1793#breadcrumb\"},\"inLanguage\":\"es-CO\",\"potentialAction\":[{\"@type\":\"ReadAction\",\"target\":[\"https:\/\/serraniagua.org\/anterior\/?p=1793\"]}]},{\"@type\":\"BreadcrumbList\",\"@id\":\"https:\/\/serraniagua.org\/anterior\/?p=1793#breadcrumb\",\"itemListElement\":[{\"@type\":\"ListItem\",\"position\":1,\"name\":\"Inicio\",\"item\":\"https:\/\/serraniagua.org\/anterior\/\"},{\"@type\":\"ListItem\",\"position\":2,\"name\":\"Calendario Tem\u00e1tico Serraniagua &#8211; 2021\"}]},{\"@type\":\"WebSite\",\"@id\":\"https:\/\/serraniagua.org\/anterior\/#website\",\"url\":\"https:\/\/serraniagua.org\/anterior\/\",\"name\":\"Serraniagua\",\"description\":\"Organizaci\u00f3n Ambiental Comunitaria\",\"publisher\":{\"@id\":\"https:\/\/serraniagua.org\/anterior\/#organization\"},\"potentialAction\":[{\"@type\":\"SearchAction\",\"target\":{\"@type\":\"EntryPoint\",\"urlTemplate\":\"https:\/\/serraniagua.org\/anterior\/?s={search_term_string}\"},\"query-input\":\"required name=search_term_string\"}],\"inLanguage\":\"es-CO\"},{\"@type\":\"Organization\",\"@id\":\"https:\/\/serraniagua.org\/anterior\/#organization\",\"name\":\"Serraniagua\",\"url\":\"https:\/\/serraniagua.org\/anterior\/\",\"logo\":{\"@type\":\"ImageObject\",\"inLanguage\":\"es-CO\",\"@id\":\"https:\/\/serraniagua.org\/anterior\/#\/schema\/logo\/image\/\",\"url\":\"https:\/\/serraniagua.org\/anterior\/wp-content\/uploads\/2021\/02\/logo_footer_color.png\",\"contentUrl\":\"https:\/\/serraniagua.org\/anterior\/wp-content\/uploads\/2021\/02\/logo_footer_color.png\",\"width\":224,\"height\":86,\"caption\":\"Serraniagua\"},\"image\":{\"@id\":\"https:\/\/serraniagua.org\/anterior\/#\/schema\/logo\/image\/\"},\"sameAs\":[\"https:\/\/www.facebook.com\/Serraniagua\",\"https:\/\/twitter.com\/Serraniagua\",\"https:\/\/www.instagram.com\/serraniagua_org\/\"]},{\"@type\":\"Person\",\"@id\":\"https:\/\/serraniagua.org\/anterior\/#\/schema\/person\/8950aa256d6f6cf19b4877561b6345af\",\"name\":\"C\u00e9sar Gonz\u00e1lez\",\"image\":{\"@type\":\"ImageObject\",\"inLanguage\":\"es-CO\",\"@id\":\"https:\/\/serraniagua.org\/anterior\/#\/schema\/person\/image\/\",\"url\":\"https:\/\/secure.gravatar.com\/avatar\/42d3de3272460b567e96ec7dc42f8da2?s=96&d=mm&r=g\",\"contentUrl\":\"https:\/\/secure.gravatar.com\/avatar\/42d3de3272460b567e96ec7dc42f8da2?s=96&d=mm&r=g\",\"caption\":\"C\u00e9sar Gonz\u00e1lez\"},\"sameAs\":[\"http:\/\/localhost\/_serraniagua\"],\"url\":\"https:\/\/serraniagua.org\/anterior\/?author=1\"}]}<\/script>\n<!-- \/ Yoast SEO plugin. -->","yoast_head_json":{"title":"Calendario Tem\u00e1tico Serraniagua - 2021 - Serraniagua","robots":{"index":"noindex","follow":"follow","max-snippet":"max-snippet:-1","max-image-preview":"max-image-preview:large","max-video-preview":"max-video-preview:-1"},"og_locale":"es_ES","og_type":"article","og_title":"Calendario Tem\u00e1tico Serraniagua - 2021 - Serraniagua","og_description":"&#8220;Caf\u00e9 de conservaci\u00f3n en la Serran\u00eda de los Paraguas &#8211; COMAM &#8220;, la nueva tem\u00e1tica de nuestro calendario 2021. Disponible para compartir en nuestra Casa Ambiental Comunitaria Serraniagua, Caf\u00e9 Cultural","og_url":"https:\/\/serraniagua.org\/anterior\/?p=1793","og_site_name":"Serraniagua","article_publisher":"https:\/\/www.facebook.com\/Serraniagua","article_published_time":"2021-02-17T17:31:08+00:00","article_modified_time":"2021-02-17T17:39:34+00:00","og_image":[{"width":370,"height":325,"url":"https:\/\/serraniagua.org\/anterior\/wp-content\/uploads\/2021\/02\/calendario_2021.png","type":"image\/png"}],"author":"C\u00e9sar Gonz\u00e1lez","twitter_card":"summary_large_image","twitter_creator":"@Serraniagua","twitter_site":"@Serraniagua","twitter_misc":{"Escrito por":"C\u00e9sar Gonz\u00e1lez"},"schema":{"@context":"https:\/\/schema.org","@graph":[{"@type":"Article","@id":"https:\/\/serraniagua.org\/anterior\/?p=1793#article","isPartOf":{"@id":"https:\/\/serraniagua.org\/anterior\/?p=1793"},"author":{"name":"C\u00e9sar Gonz\u00e1lez","@id":"https:\/\/serraniagua.org\/anterior\/#\/schema\/person\/8950aa256d6f6cf19b4877561b6345af"},"headline":"Calendario Tem\u00e1tico Serraniagua &#8211; 2021","datePublished":"2021-02-17T17:31:08+00:00","dateModified":"2021-02-17T17:39:34+00:00","mainEntityOfPage":{"@id":"https:\/\/serraniagua.org\/anterior\/?p=1793"},"wordCount":37,"commentCount":0,"publisher":{"@id":"https:\/\/serraniagua.org\/anterior\/#organization"},"articleSection":["Noticias"],"inLanguage":"es-CO","potentialAction":[{"@type":"CommentAction","name":"Comment","target":["https:\/\/serraniagua.org\/anterior\/?p=1793#respond"]}]},{"@type":"WebPage","@id":"https:\/\/serraniagua.org\/anterior\/?p=1793","url":"https:\/\/serraniagua.org\/anterior\/?p=1793","name":"Calendario Tem\u00e1tico Serraniagua - 2021 - Serraniagua","isPartOf":{"@id":"https:\/\/serraniagua.org\/anterior\/#website"},"datePublished":"2021-02-17T17:31:08+00:00","dateModified":"2021-02-17T17:39:34+00:00","breadcrumb":{"@id":"https:\/\/serraniagua.org\/anterior\/?p=1793#breadcrumb"},"inLanguage":"es-CO","potentialAction":[{"@type":"ReadAction","target":["https:\/\/serraniagua.org\/anterior\/?p=1793"]}]},{"@type":"BreadcrumbList","@id":"https:\/\/serraniagua.org\/anterior\/?p=1793#breadcrumb","itemListElement":[{"@type":"ListItem","position":1,"name":"Inicio","item":"https:\/\/serraniagua.org\/anterior\/"},{"@type":"ListItem","position":2,"name":"Calendario Tem\u00e1tico Serraniagua &#8211; 2021"}]},{"@type":"WebSite","@id":"https:\/\/serraniagua.org\/anterior\/#website","url":"https:\/\/serraniagua.org\/anterior\/","name":"Serraniagua","description":"Organizaci\u00f3n Ambiental Comunitaria","publisher":{"@id":"https:\/\/serraniagua.org\/anterior\/#organization"},"potentialAction":[{"@type":"SearchAction","target":{"@type":"EntryPoint","urlTemplate":"https:\/\/serraniagua.org\/anterior\/?s={search_term_string}"},"query-input":"required name=search_term_string"}],"inLanguage":"es-CO"},{"@type":"Organization","@id":"https:\/\/serraniagua.org\/anterior\/#organization","name":"Serraniagua","url":"https:\/\/serraniagua.org\/anterior\/","logo":{"@type":"ImageObject","inLanguage":"es-CO","@id":"https:\/\/serraniagua.org\/anterior\/#\/schema\/logo\/image\/","url":"https:\/\/serraniagua.org\/anterior\/wp-content\/uploads\/2021\/02\/logo_footer_color.png","contentUrl":"https:\/\/serraniagua.org\/anterior\/wp-content\/uploads\/2021\/02\/logo_footer_color.png","width":224,"height":86,"caption":"Serraniagua"},"image":{"@id":"https:\/\/serraniagua.org\/anterior\/#\/schema\/logo\/image\/"},"sameAs":["https:\/\/www.facebook.com\/Serraniagua","https:\/\/twitter.com\/Serraniagua","https:\/\/www.instagram.com\/serraniagua_org\/"]},{"@type":"Person","@id":"https:\/\/serraniagua.org\/anterior\/#\/schema\/person\/8950aa256d6f6cf19b4877561b6345af","name":"C\u00e9sar Gonz\u00e1lez","image":{"@type":"ImageObject","inLanguage":"es-CO","@id":"https:\/\/serraniagua.org\/anterior\/#\/schema\/person\/image\/","url":"https:\/\/secure.gravatar.com\/avatar\/42d3de3272460b567e96ec7dc42f8da2?s=96&d=mm&r=g","contentUrl":"https:\/\/secure.gravatar.com\/avatar\/42d3de3272460b567e96ec7dc42f8da2?s=96&d=mm&r=g","caption":"C\u00e9sar Gonz\u00e1lez"},"sameAs":["http:\/\/localhost\/_serraniagua"],"url":"https:\/\/serraniagua.org\/anterior\/?author=1"}]}},"_links":{"self":[{"href":"https:\/\/serraniagua.org\/anterior\/index.php?rest_route=\/wp\/v2\/posts\/1793"}],"collection":[{"href":"https:\/\/serraniagua.org\/anterior\/index.php?rest_route=\/wp\/v2\/posts"}],"about":[{"href":"https:\/\/serraniagua.org\/anterior\/index.php?rest_route=\/wp\/v2\/types\/post"}],"author":[{"embeddable":true,"href":"https:\/\/serraniagua.org\/anterior\/index.php?rest_route=\/wp\/v2\/users\/1"}],"replies":[{"embeddable":true,"href":"https:\/\/serraniagua.org\/anterior\/index.php?rest_route=%2Fwp%2Fv2%2Fcomments&post=1793"}],"version-history":[{"count":2,"href":"https:\/\/serraniagua.org\/anterior\/index.php?rest_route=\/wp\/v2\/posts\/1793\/revisions"}],"predecessor-version":[{"id":1801,"href":"https:\/\/serraniagua.org\/anterior\/index.php?rest_route=\/wp\/v2\/posts\/1793\/revisions\/1801"}],"wp:featuredmedia":[{"embeddable":true,"href":"https:\/\/serraniagua.org\/anterior\/index.php?rest_route=\/wp\/v2\/media\/1794"}],"wp:attachment":[{"href":"https:\/\/serraniagua.org\/anterior\/index.php?rest_route=%2Fwp%2Fv2%2Fmedia&parent=1793"}],"wp:term":[{"taxonomy":"category","embeddable":true,"href":"https:\/\/serraniagua.org\/anterior\/index.php?rest_route=%2Fwp%2Fv2%2Fcategories&post=1793"},{"taxonomy":"post_tag","embeddable":true,"href":"https:\/\/serraniagua.org\/anterior\/index.php?rest_route=%2Fwp%2Fv2%2Ftags&post=1793"}],"curies":[{"name":"wp","href":"https:\/\/api.w.org\/{rel}","templated":true}]}}