{"id":1443,"date":"2020-11-11T18:46:04","date_gmt":"2020-11-11T23:46:04","guid":{"rendered":"https:\/\/serraniagua.org\/anterior\/?p=1443"},"modified":"2020-11-12T17:20:21","modified_gmt":"2020-11-12T22:20:21","slug":"la-serrania-de-los-paraguas-una-nueva-area-protegida-entre-los-andes-tropicales-y-el-choco-biogeografico","status":"publish","type":"post","link":"https:\/\/serraniagua.org\/anterior\/?p=1443","title":{"rendered":"La Serran\u00eda de los Paraguas: Una nueva \u00e1rea protegida entre los Andes Tropicales y el choc\u00f3 biogeogr\u00e1fico"},"content":{"rendered":"\r\n<p><img decoding=\"async\" loading=\"lazy\" class=\"alignnone\" src=\"https:\/\/serraniagua.org\/anterior\/wp-content\/uploads\/2020\/09\/bg_general.png\" alt=\"\" width=\"1912\" height=\"264\" \/>La declaratoria para la Serran\u00eda de los Paraguas en uno de los corredores biol\u00f3gicos prioritarios en los Andes Tropicales en Colombia se suma a los esfuerzos frente a la p\u00e9rdida de biodiversidad y la crisis clim\u00e1tica.<\/p>\r\n\r\n\r\n\r\n<p>Despu\u00e9s de un largo trecho que inici\u00f3 desde las exploraciones flor\u00edsticas por el profesor Philip Arthur Silverstone en 1982, la Expedici\u00f3n Biopac\u00edfico en 1993 y el Plan de Manejo Ambiental Participativo en 1999, la Corporaci\u00f3n Aut\u00f3noma Regional del Valle del Cauca (CVC) ha declarado el Distrito Regional de Manejo Integrado Serran\u00eda de los Paraguas, mediante el Acuerdo CD 059 de 2019.<\/p>\r\n\r\n\r\n\r\n<div class=\"wp-block-columns is-layout-flex wp-container-3\">\r\n<div class=\"wp-block-column is-layout-flow\">\r\n<figure class=\"wp-block-image is-style-default\"><img decoding=\"async\" loading=\"lazy\" src=\"http:\/\/andestropicales.net\/wp-content\/uploads\/2020\/01\/Mapa-plano-de-la-Serran%C3%ADa-grande-1345x1200.jpg\" alt=\"\" width=\"NaN\" height=\"NaN\" \/><\/figure>\r\n<\/div>\r\n\r\n\r\n\r\n<div class=\"wp-block-column is-layout-flow\">\r\n<p>Las 39,792 hect\u00e1reas de la nueva \u00e1rea protegida ampl\u00edan la meta regional de la CVC a 103,880 hect\u00e1reas como nuevas \u00e1reas protegidas declaradas que fortalecen el Sistema Departamental de \u00c1reas Protegidas del Valle del Cauca (SIDAP \u2013 Valle).<\/p>\r\n<br \/>\r\n\r\n\r\n<p>La diversidad de especies \u00fanicas, end\u00e9micas y amenazadas de la Serran\u00eda de los Paraguas, un eje de conectividades principalmente entre los Hotspots Andes Tropicales y Choc\u00f3 Biogeogr\u00e1fico, le ha valido ser considerada una de las \u00c1reas Claves de Biodiversidad (ACB) de mayor ponderaci\u00f3n en Am\u00e9rica del Sur.<\/p>\r\n<br \/>\r\n\r\n\r\n<p>Tambi\u00e9n ha sido designada como \u00c1rea de Importancia para la Conservaci\u00f3n de las Aves (AICA), es un \u00e1rea inmersa totalmente en la Reserva Forestal del Pac\u00edfico y con una porci\u00f3n de su territorio dentro del Paisaje Cultural Cafetero como Patrimonio Mundial.<\/p>\r\n<\/div>\r\n<\/div>\r\n\r\n\r\n\r\n<div class=\"wp-block-columns is-layout-flex wp-container-6\">\r\n<div class=\"wp-block-column is-layout-flow\">\r\n<figure class=\"wp-block-image\"><img decoding=\"async\" src=\"http:\/\/andestropicales.net\/wp-content\/uploads\/2020\/01\/3.png\" alt=\"\" \/><\/figure>\r\n<\/div>\r\n\r\n\r\n\r\n<div class=\"wp-block-column is-layout-flow\">\r\n<figure class=\"wp-block-image\"><img decoding=\"async\" src=\"http:\/\/andestropicales.net\/wp-content\/uploads\/2020\/01\/2.png\" alt=\"\" \/><\/figure>\r\n<\/div>\r\n<\/div>\r\n\r\n\r\n\r\n<p><em>La Reserva comunitaria Cerro El Ingl\u00e9s se erige como el coraz\u00f3n de la biodiversidad en la Serran\u00eda de los Paraguas<\/em><\/p>\r\n\r\n\r\n\r\n<p>Los municipios de El Cairo, Versalles y El Dovio que se integran a esta nueva \u00e1rea protegida, cuentan con Sistemas Municipales de \u00c1reas Protegidas aprobados por los gobiernos locales y organizaciones articuladoras de reservas naturales de la sociedad civil, como estrategia de gobernanza, basada en un Comit\u00e9 para la Cogesti\u00f3n del \u00c1rea Protegida que garantice una amplia base social, comunitaria e institucional con el apoyo de la CVC.<\/p>\r\n\r\n\r\n\r\n<div class=\"wp-block-columns is-layout-flex wp-container-9\">\r\n<div class=\"wp-block-column is-layout-flow\">\r\n<figure class=\"wp-block-image is-resized\"><img decoding=\"async\" loading=\"lazy\" src=\"http:\/\/andestropicales.net\/wp-content\/uploads\/2020\/01\/4.png\" alt=\"\" width=\"576\" height=\"768\" \/><\/figure>\r\n<\/div>\r\n\r\n\r\n\r\n<div class=\"wp-block-column is-layout-flow\">\r\n<p>El proceso de declaratoria cont\u00f3 con el liderazgo del equipo t\u00e9cnico y comunitario de la Corporaci\u00f3n Serraniagua y el desarrollo de un Proceso de consulta previa y Acuerdos con los Resguardo Doxura y la Parcialidad de Tapar\u00f3-Dachi Dana del pueblo Embera de la Serran\u00eda.<\/p>\r\n<br \/>\r\n\r\n\r\n<p>Los objetos culturales como las pr\u00e1cticas de producci\u00f3n asociadas a la agricultura familiar y campesina y la cultura propia Embera, son finalmente claves en este proceso de declaratoria.<\/p>\r\n<br \/>\r\n\r\n\r\n<p>Con la implementaci\u00f3n del Plan de Manejo de la Serran\u00eda, se espera seguir garantizando el papel de la sociedad civil, en la alianza con CEPF y una red de organizaciones, en la regulaci\u00f3n h\u00eddrica y clim\u00e1tica de una vasta regi\u00f3n que conserva paisajes, especies y culturas \u00fanicas y amenazadas, considerando adem\u00e1s que la Serran\u00eda hace parte de la cuenca del r\u00edo San Juan, el m\u00e1s caudaloso en el Pac\u00edfico americano y donde a\u00fan se conservan los \u00faltimos bosques intactos remanentes.<\/p>\r\n<\/div>\r\n<\/div>\r\n\r\n\r\n\r\n<p>&nbsp;<\/p>\r\n","protected":false},"excerpt":{"rendered":"<p>La declaratoria para la Serran\u00eda de los Paraguas en uno de los corredores biol\u00f3gicos prioritarios en los Andes Tropicales en Colombia se suma a los esfuerzos frente a la p\u00e9rdida<\/p>\n","protected":false},"author":1,"featured_media":1484,"comment_status":"open","ping_status":"open","sticky":false,"template":"","format":"standard","meta":[],"categories":[52],"tags":[],"yoast_head":"<!-- This site is optimized with the Yoast SEO plugin v20.6 - https:\/\/yoast.com\/wordpress\/plugins\/seo\/ -->\n<title>La Serran\u00eda de los Paraguas: Una nueva \u00e1rea protegida entre los Andes Tropicales y el choc\u00f3 biogeogr\u00e1fico - Serraniagua<\/title>\n<meta name=\"robots\" content=\"noindex, follow, max-snippet:-1, max-image-preview:large, max-video-preview:-1\" \/>\n<meta property=\"og:locale\" content=\"es_ES\" \/>\n<meta property=\"og:type\" content=\"article\" \/>\n<meta property=\"og:title\" content=\"La Serran\u00eda de los Paraguas: Una nueva \u00e1rea protegida entre los Andes Tropicales y el choc\u00f3 biogeogr\u00e1fico - Serraniagua\" \/>\n<meta property=\"og:description\" content=\"La declaratoria para la Serran\u00eda de los Paraguas en uno de los corredores biol\u00f3gicos prioritarios en los Andes Tropicales en Colombia se suma a los esfuerzos frente a la p\u00e9rdida\" \/>\n<meta property=\"og:url\" content=\"https:\/\/serraniagua.org\/anterior\/?p=1443\" \/>\n<meta property=\"og:site_name\" content=\"Serraniagua\" \/>\n<meta property=\"article:publisher\" content=\"https:\/\/www.facebook.com\/Serraniagua\" \/>\n<meta property=\"article:published_time\" content=\"2020-11-11T23:46:04+00:00\" \/>\n<meta property=\"article:modified_time\" content=\"2020-11-12T22:20:21+00:00\" \/>\n<meta property=\"og:image\" content=\"https:\/\/serraniagua.org\/anterior\/wp-content\/uploads\/2020\/11\/mapa_serrania.jpg\" \/>\n\t<meta property=\"og:image:width\" content=\"343\" \/>\n\t<meta property=\"og:image:height\" content=\"308\" \/>\n\t<meta property=\"og:image:type\" content=\"image\/jpeg\" \/>\n<meta name=\"author\" content=\"C\u00e9sar Gonz\u00e1lez\" \/>\n<meta name=\"twitter:card\" content=\"summary_large_image\" \/>\n<meta name=\"twitter:creator\" content=\"@Serraniagua\" \/>\n<meta name=\"twitter:site\" content=\"@Serraniagua\" \/>\n<meta name=\"twitter:label1\" content=\"Escrito por\" \/>\n\t<meta name=\"twitter:data1\" content=\"C\u00e9sar Gonz\u00e1lez\" \/>\n\t<meta name=\"twitter:label2\" content=\"Tiempo estimado de lectura\" \/>\n\t<meta name=\"twitter:data2\" content=\"3 minutos\" \/>\n<script type=\"application\/ld+json\" class=\"yoast-schema-graph\">{\"@context\":\"https:\/\/schema.org\",\"@graph\":[{\"@type\":\"Article\",\"@id\":\"https:\/\/serraniagua.org\/anterior\/?p=1443#article\",\"isPartOf\":{\"@id\":\"https:\/\/serraniagua.org\/anterior\/?p=1443\"},\"author\":{\"name\":\"C\u00e9sar Gonz\u00e1lez\",\"@id\":\"https:\/\/serraniagua.org\/anterior\/#\/schema\/person\/8950aa256d6f6cf19b4877561b6345af\"},\"headline\":\"La Serran\u00eda de los Paraguas: Una nueva \u00e1rea protegida entre los Andes Tropicales y el choc\u00f3 biogeogr\u00e1fico\",\"datePublished\":\"2020-11-11T23:46:04+00:00\",\"dateModified\":\"2020-11-12T22:20:21+00:00\",\"mainEntityOfPage\":{\"@id\":\"https:\/\/serraniagua.org\/anterior\/?p=1443\"},\"wordCount\":520,\"commentCount\":0,\"publisher\":{\"@id\":\"https:\/\/serraniagua.org\/anterior\/#organization\"},\"articleSection\":[\"Noticias\"],\"inLanguage\":\"es-CO\",\"potentialAction\":[{\"@type\":\"CommentAction\",\"name\":\"Comment\",\"target\":[\"https:\/\/serraniagua.org\/anterior\/?p=1443#respond\"]}]},{\"@type\":\"WebPage\",\"@id\":\"https:\/\/serraniagua.org\/anterior\/?p=1443\",\"url\":\"https:\/\/serraniagua.org\/anterior\/?p=1443\",\"name\":\"La Serran\u00eda de los Paraguas: Una nueva \u00e1rea protegida entre los Andes Tropicales y el choc\u00f3 biogeogr\u00e1fico - Serraniagua\",\"isPartOf\":{\"@id\":\"https:\/\/serraniagua.org\/anterior\/#website\"},\"datePublished\":\"2020-11-11T23:46:04+00:00\",\"dateModified\":\"2020-11-12T22:20:21+00:00\",\"breadcrumb\":{\"@id\":\"https:\/\/serraniagua.org\/anterior\/?p=1443#breadcrumb\"},\"inLanguage\":\"es-CO\",\"potentialAction\":[{\"@type\":\"ReadAction\",\"target\":[\"https:\/\/serraniagua.org\/anterior\/?p=1443\"]}]},{\"@type\":\"BreadcrumbList\",\"@id\":\"https:\/\/serraniagua.org\/anterior\/?p=1443#breadcrumb\",\"itemListElement\":[{\"@type\":\"ListItem\",\"position\":1,\"name\":\"Inicio\",\"item\":\"https:\/\/serraniagua.org\/anterior\/\"},{\"@type\":\"ListItem\",\"position\":2,\"name\":\"La Serran\u00eda de los Paraguas: Una nueva \u00e1rea protegida entre los Andes Tropicales y el choc\u00f3 biogeogr\u00e1fico\"}]},{\"@type\":\"WebSite\",\"@id\":\"https:\/\/serraniagua.org\/anterior\/#website\",\"url\":\"https:\/\/serraniagua.org\/anterior\/\",\"name\":\"Serraniagua\",\"description\":\"Organizaci\u00f3n Ambiental Comunitaria\",\"publisher\":{\"@id\":\"https:\/\/serraniagua.org\/anterior\/#organization\"},\"potentialAction\":[{\"@type\":\"SearchAction\",\"target\":{\"@type\":\"EntryPoint\",\"urlTemplate\":\"https:\/\/serraniagua.org\/anterior\/?s={search_term_string}\"},\"query-input\":\"required name=search_term_string\"}],\"inLanguage\":\"es-CO\"},{\"@type\":\"Organization\",\"@id\":\"https:\/\/serraniagua.org\/anterior\/#organization\",\"name\":\"Serraniagua\",\"url\":\"https:\/\/serraniagua.org\/anterior\/\",\"logo\":{\"@type\":\"ImageObject\",\"inLanguage\":\"es-CO\",\"@id\":\"https:\/\/serraniagua.org\/anterior\/#\/schema\/logo\/image\/\",\"url\":\"https:\/\/serraniagua.org\/anterior\/wp-content\/uploads\/2021\/02\/logo_footer_color.png\",\"contentUrl\":\"https:\/\/serraniagua.org\/anterior\/wp-content\/uploads\/2021\/02\/logo_footer_color.png\",\"width\":224,\"height\":86,\"caption\":\"Serraniagua\"},\"image\":{\"@id\":\"https:\/\/serraniagua.org\/anterior\/#\/schema\/logo\/image\/\"},\"sameAs\":[\"https:\/\/www.facebook.com\/Serraniagua\",\"https:\/\/twitter.com\/Serraniagua\",\"https:\/\/www.instagram.com\/serraniagua_org\/\"]},{\"@type\":\"Person\",\"@id\":\"https:\/\/serraniagua.org\/anterior\/#\/schema\/person\/8950aa256d6f6cf19b4877561b6345af\",\"name\":\"C\u00e9sar Gonz\u00e1lez\",\"image\":{\"@type\":\"ImageObject\",\"inLanguage\":\"es-CO\",\"@id\":\"https:\/\/serraniagua.org\/anterior\/#\/schema\/person\/image\/\",\"url\":\"https:\/\/secure.gravatar.com\/avatar\/42d3de3272460b567e96ec7dc42f8da2?s=96&d=mm&r=g\",\"contentUrl\":\"https:\/\/secure.gravatar.com\/avatar\/42d3de3272460b567e96ec7dc42f8da2?s=96&d=mm&r=g\",\"caption\":\"C\u00e9sar Gonz\u00e1lez\"},\"sameAs\":[\"http:\/\/localhost\/_serraniagua\"],\"url\":\"https:\/\/serraniagua.org\/anterior\/?author=1\"}]}<\/script>\n<!-- \/ Yoast SEO plugin. -->","yoast_head_json":{"title":"La Serran\u00eda de los Paraguas: Una nueva \u00e1rea protegida entre los Andes Tropicales y el choc\u00f3 biogeogr\u00e1fico - Serraniagua","robots":{"index":"noindex","follow":"follow","max-snippet":"max-snippet:-1","max-image-preview":"max-image-preview:large","max-video-preview":"max-video-preview:-1"},"og_locale":"es_ES","og_type":"article","og_title":"La Serran\u00eda de los Paraguas: Una nueva \u00e1rea protegida entre los Andes Tropicales y el choc\u00f3 biogeogr\u00e1fico - Serraniagua","og_description":"La declaratoria para la Serran\u00eda de los Paraguas en uno de los corredores biol\u00f3gicos prioritarios en los Andes Tropicales en Colombia se suma a los esfuerzos frente a la p\u00e9rdida","og_url":"https:\/\/serraniagua.org\/anterior\/?p=1443","og_site_name":"Serraniagua","article_publisher":"https:\/\/www.facebook.com\/Serraniagua","article_published_time":"2020-11-11T23:46:04+00:00","article_modified_time":"2020-11-12T22:20:21+00:00","og_image":[{"width":343,"height":308,"url":"https:\/\/serraniagua.org\/anterior\/wp-content\/uploads\/2020\/11\/mapa_serrania.jpg","type":"image\/jpeg"}],"author":"C\u00e9sar Gonz\u00e1lez","twitter_card":"summary_large_image","twitter_creator":"@Serraniagua","twitter_site":"@Serraniagua","twitter_misc":{"Escrito por":"C\u00e9sar Gonz\u00e1lez","Tiempo estimado de lectura":"3 minutos"},"schema":{"@context":"https:\/\/schema.org","@graph":[{"@type":"Article","@id":"https:\/\/serraniagua.org\/anterior\/?p=1443#article","isPartOf":{"@id":"https:\/\/serraniagua.org\/anterior\/?p=1443"},"author":{"name":"C\u00e9sar Gonz\u00e1lez","@id":"https:\/\/serraniagua.org\/anterior\/#\/schema\/person\/8950aa256d6f6cf19b4877561b6345af"},"headline":"La Serran\u00eda de los Paraguas: Una nueva \u00e1rea protegida entre los Andes Tropicales y el choc\u00f3 biogeogr\u00e1fico","datePublished":"2020-11-11T23:46:04+00:00","dateModified":"2020-11-12T22:20:21+00:00","mainEntityOfPage":{"@id":"https:\/\/serraniagua.org\/anterior\/?p=1443"},"wordCount":520,"commentCount":0,"publisher":{"@id":"https:\/\/serraniagua.org\/anterior\/#organization"},"articleSection":["Noticias"],"inLanguage":"es-CO","potentialAction":[{"@type":"CommentAction","name":"Comment","target":["https:\/\/serraniagua.org\/anterior\/?p=1443#respond"]}]},{"@type":"WebPage","@id":"https:\/\/serraniagua.org\/anterior\/?p=1443","url":"https:\/\/serraniagua.org\/anterior\/?p=1443","name":"La Serran\u00eda de los Paraguas: Una nueva \u00e1rea protegida entre los Andes Tropicales y el choc\u00f3 biogeogr\u00e1fico - Serraniagua","isPartOf":{"@id":"https:\/\/serraniagua.org\/anterior\/#website"},"datePublished":"2020-11-11T23:46:04+00:00","dateModified":"2020-11-12T22:20:21+00:00","breadcrumb":{"@id":"https:\/\/serraniagua.org\/anterior\/?p=1443#breadcrumb"},"inLanguage":"es-CO","potentialAction":[{"@type":"ReadAction","target":["https:\/\/serraniagua.org\/anterior\/?p=1443"]}]},{"@type":"BreadcrumbList","@id":"https:\/\/serraniagua.org\/anterior\/?p=1443#breadcrumb","itemListElement":[{"@type":"ListItem","position":1,"name":"Inicio","item":"https:\/\/serraniagua.org\/anterior\/"},{"@type":"ListItem","position":2,"name":"La Serran\u00eda de los Paraguas: Una nueva \u00e1rea protegida entre los Andes Tropicales y el choc\u00f3 biogeogr\u00e1fico"}]},{"@type":"WebSite","@id":"https:\/\/serraniagua.org\/anterior\/#website","url":"https:\/\/serraniagua.org\/anterior\/","name":"Serraniagua","description":"Organizaci\u00f3n Ambiental Comunitaria","publisher":{"@id":"https:\/\/serraniagua.org\/anterior\/#organization"},"potentialAction":[{"@type":"SearchAction","target":{"@type":"EntryPoint","urlTemplate":"https:\/\/serraniagua.org\/anterior\/?s={search_term_string}"},"query-input":"required name=search_term_string"}],"inLanguage":"es-CO"},{"@type":"Organization","@id":"https:\/\/serraniagua.org\/anterior\/#organization","name":"Serraniagua","url":"https:\/\/serraniagua.org\/anterior\/","logo":{"@type":"ImageObject","inLanguage":"es-CO","@id":"https:\/\/serraniagua.org\/anterior\/#\/schema\/logo\/image\/","url":"https:\/\/serraniagua.org\/anterior\/wp-content\/uploads\/2021\/02\/logo_footer_color.png","contentUrl":"https:\/\/serraniagua.org\/anterior\/wp-content\/uploads\/2021\/02\/logo_footer_color.png","width":224,"height":86,"caption":"Serraniagua"},"image":{"@id":"https:\/\/serraniagua.org\/anterior\/#\/schema\/logo\/image\/"},"sameAs":["https:\/\/www.facebook.com\/Serraniagua","https:\/\/twitter.com\/Serraniagua","https:\/\/www.instagram.com\/serraniagua_org\/"]},{"@type":"Person","@id":"https:\/\/serraniagua.org\/anterior\/#\/schema\/person\/8950aa256d6f6cf19b4877561b6345af","name":"C\u00e9sar Gonz\u00e1lez","image":{"@type":"ImageObject","inLanguage":"es-CO","@id":"https:\/\/serraniagua.org\/anterior\/#\/schema\/person\/image\/","url":"https:\/\/secure.gravatar.com\/avatar\/42d3de3272460b567e96ec7dc42f8da2?s=96&d=mm&r=g","contentUrl":"https:\/\/secure.gravatar.com\/avatar\/42d3de3272460b567e96ec7dc42f8da2?s=96&d=mm&r=g","caption":"C\u00e9sar Gonz\u00e1lez"},"sameAs":["http:\/\/localhost\/_serraniagua"],"url":"https:\/\/serraniagua.org\/anterior\/?author=1"}]}},"_links":{"self":[{"href":"https:\/\/serraniagua.org\/anterior\/index.php?rest_route=\/wp\/v2\/posts\/1443"}],"collection":[{"href":"https:\/\/serraniagua.org\/anterior\/index.php?rest_route=\/wp\/v2\/posts"}],"about":[{"href":"https:\/\/serraniagua.org\/anterior\/index.php?rest_route=\/wp\/v2\/types\/post"}],"author":[{"embeddable":true,"href":"https:\/\/serraniagua.org\/anterior\/index.php?rest_route=\/wp\/v2\/users\/1"}],"replies":[{"embeddable":true,"href":"https:\/\/serraniagua.org\/anterior\/index.php?rest_route=%2Fwp%2Fv2%2Fcomments&post=1443"}],"version-history":[{"count":10,"href":"https:\/\/serraniagua.org\/anterior\/index.php?rest_route=\/wp\/v2\/posts\/1443\/revisions"}],"predecessor-version":[{"id":1485,"href":"https:\/\/serraniagua.org\/anterior\/index.php?rest_route=\/wp\/v2\/posts\/1443\/revisions\/1485"}],"wp:featuredmedia":[{"embeddable":true,"href":"https:\/\/serraniagua.org\/anterior\/index.php?rest_route=\/wp\/v2\/media\/1484"}],"wp:attachment":[{"href":"https:\/\/serraniagua.org\/anterior\/index.php?rest_route=%2Fwp%2Fv2%2Fmedia&parent=1443"}],"wp:term":[{"taxonomy":"category","embeddable":true,"href":"https:\/\/serraniagua.org\/anterior\/index.php?rest_route=%2Fwp%2Fv2%2Fcategories&post=1443"},{"taxonomy":"post_tag","embeddable":true,"href":"https:\/\/serraniagua.org\/anterior\/index.php?rest_route=%2Fwp%2Fv2%2Ftags&post=1443"}],"curies":[{"name":"wp","href":"https:\/\/api.w.org\/{rel}","templated":true}]}}