{"id":1410,"date":"2020-11-11T21:03:12","date_gmt":"2020-11-11T21:03:12","guid":{"rendered":"https:\/\/serraniagua.org\/anterior\/?p=1410"},"modified":"2020-11-12T18:42:52","modified_gmt":"2020-11-12T23:42:52","slug":"rubiacearum-americanarum-magna-hama-pars-xliii-nuevas-especies-y-notas-sobre-hippotis-sudamericanos-condamineae-y-schradera-schradereae","status":"publish","type":"post","link":"https:\/\/serraniagua.org\/anterior\/?p=1410","title":{"rendered":"Nuevas especies y notas sobre Hippotis sudamericanos y Schradera"},"content":{"rendered":"<div><img decoding=\"async\" loading=\"lazy\" class=\"aligncenter wp-image-1416 size-large\" src=\"https:\/\/serraniagua.org\/anterior\/wp-content\/uploads\/2020\/11\/cover_issue_28_en_US-691x1024.jpg\" alt=\"\" width=\"691\" height=\"1024\" srcset=\"https:\/\/serraniagua.org\/anterior\/wp-content\/uploads\/2020\/11\/cover_issue_28_en_US-691x1024.jpg 691w, https:\/\/serraniagua.org\/anterior\/wp-content\/uploads\/2020\/11\/cover_issue_28_en_US-203x300.jpg 203w, https:\/\/serraniagua.org\/anterior\/wp-content\/uploads\/2020\/11\/cover_issue_28_en_US-768x1138.jpg 768w, https:\/\/serraniagua.org\/anterior\/wp-content\/uploads\/2020\/11\/cover_issue_28_en_US-1037x1536.jpg 1037w, https:\/\/serraniagua.org\/anterior\/wp-content\/uploads\/2020\/11\/cover_issue_28_en_US-600x889.jpg 600w, https:\/\/serraniagua.org\/anterior\/wp-content\/uploads\/2020\/11\/cover_issue_28_en_US.jpg 1350w\" sizes=\"(max-width: 691px) 100vw, 691px\" \/><\/div>\n<div>\n<div><\/div>\n<div>Una nueva especie de arbusto trepador de la familia Rubiacea, Schradera francoae: registrada en los bosques de niebla de la Serran\u00eda de os Paraguas en San Jos\u00e9 del Palmar (Choc\u00f3).<\/div>\n<div>Este art\u00edculo revisa Hippotis Ruiz &amp; Pav. y Schradera Vahl, dos g\u00e9neros de Rubiaceae con centros de diversidad en el oeste de Am\u00e9rica del Sur. Ambos se conocen de manera inadecuada y necesitan un estudio de campo. Circunscripciones de autores recientes de H. albiflora H. Karst. y H. mollis Standl. se reducen aqu\u00ed, y se describen cuatro nuevas especies de Hippotis: H. antioquiana CM Taylor del noroeste de Colombia, H. ecuatoriana CM Taylor del centro-sur de Ecuador, H. elegantula CM Taylor y M. Calder\u00f3n de la cuenca occidental del Amazonas en Ecuador, y H. vasqueziana CM Taylor de las tierras bajas del noreste de Per\u00fa. Tambi\u00e9n se describen aqu\u00ed cuatro nuevas especies de Schradera Vahl: S. cernua CM Taylor y S. francoae CM Taylor del oeste de Colombia, S. condorica CM Taylor &amp; DA Neill del sur de Ecuador y S. morindoides CM Taylor del sur de Ecuador y norte de Per\u00fa . Schradera condorica, al menos a veces, es un \u00e1rbol independiente, un h\u00e1bito recientemente documentado para este g\u00e9nero.<\/div>\n<\/div>\n<div><\/div>\n<p>&nbsp;<\/p>\n<div><div class=\"_3d-flip-book  fb3d-fullscreen-mode full-size\" data-id=\"1413\" data-mode=\"fullscreen\" data-title=\"false\" data-template=\"short-white-book-view\" data-lightbox=\"dark-shadow\" data-urlparam=\"fb3d-page\" data-page-n=\"0\" data-pdf=\"\" data-tax=\"null\" data-thumbnail=\"\" data-cols=\"3\" data-book-template=\"default\"><\/div><script type=\"text\/javascript\">window.FB3D_CLIENT_DATA = window.FB3D_CLIENT_DATA || [];window.FB3D_CLIENT_DATA.push('eyJwb3N0cyI6eyIxNDEzIjp7IklEIjoxNDEzLCJ0aXRsZSI6IlJ1YmlhY2VhcnVtIEFtZXJpY2FuYXJ1bSBNYWduYSBIYW1hIFBhcnMgWExJSUk6IE5ldyBTcGVjaWVzIGFuZE5vdGVzIG9uIFNvdXRoIEFtZXJpY2FuSGlwcG90aXMoQ29uZGFtaW5lYWUpIGFuZFNjaHJhZGVyYShTY2hyYWRlcmVhZSkiLCJ0eXBlIjoicGRmIiwicmVhZHlfZnVuY3Rpb24iOiIiLCJib29rX3N0eWxlIjoiZmxhdCIsImJvb2tfdGVtcGxhdGUiOiJub25lIiwib3V0bGluZSI6W10sImRhdGEiOnsicG9zdF9JRCI6IjE0MTQiLCJndWlkIjoiaHR0cHM6XC9cL3NlcnJhbmlhZ3VhLm9yZ1wvYW50ZXJpb3JcL3dwLWNvbnRlbnRcL3VwbG9hZHNcLzIwMjBcLzExXC8yOTgtQXJ0aWNsZS1UZXh0LTc1OTktMS0xMC0yMDE5MDYxMy5wZGYiLCJwZGZfcGFnZXMiOiIxNSIsInBhZ2VzX2N1c3RvbWl6YXRpb24iOiJub25lIn0sInRodW1ibmFpbCI6eyJkYXRhIjp7InBvc3RfSUQiOiIwIn0sInR5cGUiOiJhdXRvIn0sInByb3BzIjp7ImNhY2hlZFBhZ2VzIjoiYXV0byIsInJlbmRlckluYWN0aXZlUGFnZXMiOiJhdXRvIiwicmVuZGVySW5hY3RpdmVQYWdlc09uTW9iaWxlIjoiYXV0byIsInJlbmRlcldoaWxlRmxpcHBpbmciOiJhdXRvIiwicHJlbG9hZFBhZ2VzIjoiYXV0byIsInJ0bCI6ImF1dG8iLCJzaGVldCI6eyJzdGFydFZlbG9jaXR5IjoiYXV0byIsIndhdmUiOiJhdXRvIiwid2lkdGhUZXhlbHMiOiJhdXRvIiwiY29sb3IiOiJhdXRvIiwic2lkZSI6ImF1dG8iLCJjb3JuZXJEZXZpYXRpb24iOiJhdXRvIiwiZmxleGliaWxpdHkiOiJhdXRvIiwiZmxleGlibGVDb3JuZXIiOiJhdXRvIiwiYmVuZGluZyI6ImF1dG8iLCJoZWlnaHRUZXhlbHMiOiJhdXRvIn0sImNvdmVyIjp7IndhdmUiOiJhdXRvIiwiY29sb3IiOiJhdXRvIiwiYmluZGVyVGV4dHVyZSI6ImF1dG8iLCJkZXB0aCI6ImF1dG8iLCJwYWRkaW5nIjoiYXV0byIsInN0YXJ0VmVsb2NpdHkiOiJhdXRvIiwiZmxleGliaWxpdHkiOiJhdXRvIiwiZmxleGlibGVDb3JuZXIiOiJhdXRvIiwiYmVuZGluZyI6ImF1dG8iLCJ3aWR0aFRleGVscyI6ImF1dG8iLCJoZWlnaHRUZXhlbHMiOiJhdXRvIiwibWFzcyI6ImF1dG8iLCJzaWRlIjoiYXV0byJ9LCJwYWdlIjp7IndhdmUiOiJhdXRvIiwiY29sb3IiOiJhdXRvIiwiZGVwdGgiOiJhdXRvIiwic3RhcnRWZWxvY2l0eSI6ImF1dG8iLCJmbGV4aWJpbGl0eSI6ImF1dG8iLCJmbGV4aWJsZUNvcm5lciI6ImF1dG8iLCJiZW5kaW5nIjoiYXV0byIsIndpZHRoVGV4ZWxzIjoiYXV0byIsImhlaWdodFRleGVscyI6ImF1dG8iLCJtYXNzIjoiYXV0byIsInNpZGUiOiJhdXRvIn0sImhlaWdodCI6ImF1dG8iLCJ3aWR0aCI6ImF1dG8iLCJncmF2aXR5IjoiYXV0byIsInBhZ2VzRm9yUHJlZGljdGluZyI6ImF1dG8ifSwiY29udHJvbFByb3BzIjp7ImFjdGlvbnMiOnsiY21kU2F2ZSI6eyJlbmFibGVkIjoiYXV0byJ9LCJjbWRQcmludCI6eyJlbmFibGVkIjoiYXV0byJ9LCJjbWRTaW5nbGVQYWdlIjp7ImVuYWJsZWQiOiJhdXRvIiwiYWN0aXZlIjoiYXV0byJ9fX0sImF1dG9UaHVtYm5haWwiOiJodHRwczpcL1wvc2VycmFuaWFndWEub3JnXC9hbnRlcmlvclwvd3AtY29udGVudFwvdXBsb2Fkc1wvM2QtZmxpcC1ib29rXC9hdXRvLXRodW1ibmFpbHNcLzE0MTMucG5nIiwicG9zdF9uYW1lIjoicnViaWFjZWFydW0tYW1lcmljYW5hcnVtLW1hZ25hLWhhbWEtcGFycy14bGlpaS1uZXctc3BlY2llcy1hbmRub3Rlcy1vbi1zb3V0aC1hbWVyaWNhbmhpcHBvdGlzY29uZGFtaW5lYWUtYW5kc2NocmFkZXJhc2NocmFkZXJlYWUiLCJwb3N0X3R5cGUiOiIzZC1mbGlwLWJvb2sifX0sInBhZ2VzIjpbXSwiZmlyc3RQYWdlcyI6W119');window.FB3D_CLIENT_LOCALE && window.FB3D_CLIENT_LOCALE.render();<\/script><\/div>\n<div><\/div>\n<div>\n<p><span style=\"color: #000000;\"><strong>Charlotte M. Taylor<\/strong><\/span><br \/>\nMissouri Botanical Garden<\/p>\n<p><span style=\"color: #000000;\"><strong>David A. Neill<\/strong><\/span><br \/>\nUniversidad Estatal Amaz\u00f3nica<\/p>\n<p><span style=\"color: #000000;\"><strong>Melissa Calder\u00f3n Cruz<\/strong><\/span><br \/>\nUniversidad de Puerto Rico\u2013Recinto de R\u00edo Piedras<\/p>\n<\/div>\n<p>&nbsp;<\/p>\n<div><span style=\"color: #000000;\"><strong>DOI:<\/strong><\/span> https:\/\/doi.org\/10.3417\/2019298<\/div>\n<div><\/div>\n<div><span style=\"color: #000000;\"><strong>Keywords:<\/strong><\/span> Colombia, Condamineae, Ecuador, Hippotis, Peru, Rubiaceae, Schradera, Schradereae<\/div>\n<p>&nbsp;<\/p>\n<div><span style=\"color: #000000;\"><strong>Publicado<\/strong>:<\/span> 2019-06-14<\/div>\n","protected":false},"excerpt":{"rendered":"<p>Una nueva especie de arbusto trepador de la familia Rubiacea, Schradera francoae: registrada en los bosques de niebla de la Serran\u00eda de os Paraguas en San Jos\u00e9 del Palmar (Choc\u00f3).<\/p>\n","protected":false},"author":1,"featured_media":1483,"comment_status":"open","ping_status":"open","sticky":false,"template":"","format":"standard","meta":[],"categories":[52],"tags":[],"yoast_head":"<!-- This site is optimized with the Yoast SEO plugin v20.6 - https:\/\/yoast.com\/wordpress\/plugins\/seo\/ -->\n<title>Nuevas especies y notas sobre Hippotis sudamericanos y Schradera - Serraniagua<\/title>\n<meta name=\"robots\" content=\"noindex, follow, max-snippet:-1, max-image-preview:large, max-video-preview:-1\" \/>\n<meta property=\"og:locale\" content=\"es_ES\" \/>\n<meta property=\"og:type\" content=\"article\" \/>\n<meta property=\"og:title\" content=\"Nuevas especies y notas sobre Hippotis sudamericanos y Schradera - Serraniagua\" \/>\n<meta property=\"og:description\" content=\"Una nueva especie de arbusto trepador de la familia Rubiacea, Schradera francoae: registrada en los bosques de niebla de la Serran\u00eda de os Paraguas en San Jos\u00e9 del Palmar (Choc\u00f3).\" \/>\n<meta property=\"og:url\" content=\"https:\/\/serraniagua.org\/anterior\/?p=1410\" \/>\n<meta property=\"og:site_name\" content=\"Serraniagua\" \/>\n<meta property=\"article:publisher\" content=\"https:\/\/www.facebook.com\/Serraniagua\" \/>\n<meta property=\"article:published_time\" content=\"2020-11-11T21:03:12+00:00\" \/>\n<meta property=\"article:modified_time\" content=\"2020-11-12T23:42:52+00:00\" \/>\n<meta property=\"og:image\" content=\"https:\/\/serraniagua.org\/anterior\/wp-content\/uploads\/2020\/11\/cover_noticia.jpg\" \/>\n\t<meta property=\"og:image:width\" content=\"343\" \/>\n\t<meta property=\"og:image:height\" content=\"308\" \/>\n\t<meta property=\"og:image:type\" content=\"image\/jpeg\" \/>\n<meta name=\"author\" content=\"C\u00e9sar Gonz\u00e1lez\" \/>\n<meta name=\"twitter:card\" content=\"summary_large_image\" \/>\n<meta name=\"twitter:creator\" content=\"@Serraniagua\" \/>\n<meta name=\"twitter:site\" content=\"@Serraniagua\" \/>\n<meta name=\"twitter:label1\" content=\"Escrito por\" \/>\n\t<meta name=\"twitter:data1\" content=\"C\u00e9sar Gonz\u00e1lez\" \/>\n\t<meta name=\"twitter:label2\" content=\"Tiempo estimado de lectura\" \/>\n\t<meta name=\"twitter:data2\" content=\"1 minuto\" \/>\n<script type=\"application\/ld+json\" class=\"yoast-schema-graph\">{\"@context\":\"https:\/\/schema.org\",\"@graph\":[{\"@type\":\"Article\",\"@id\":\"https:\/\/serraniagua.org\/anterior\/?p=1410#article\",\"isPartOf\":{\"@id\":\"https:\/\/serraniagua.org\/anterior\/?p=1410\"},\"author\":{\"name\":\"C\u00e9sar Gonz\u00e1lez\",\"@id\":\"https:\/\/serraniagua.org\/anterior\/#\/schema\/person\/8950aa256d6f6cf19b4877561b6345af\"},\"headline\":\"Nuevas especies y notas sobre Hippotis sudamericanos y Schradera\",\"datePublished\":\"2020-11-11T21:03:12+00:00\",\"dateModified\":\"2020-11-12T23:42:52+00:00\",\"mainEntityOfPage\":{\"@id\":\"https:\/\/serraniagua.org\/anterior\/?p=1410\"},\"wordCount\":266,\"commentCount\":0,\"publisher\":{\"@id\":\"https:\/\/serraniagua.org\/anterior\/#organization\"},\"articleSection\":[\"Noticias\"],\"inLanguage\":\"es-CO\",\"potentialAction\":[{\"@type\":\"CommentAction\",\"name\":\"Comment\",\"target\":[\"https:\/\/serraniagua.org\/anterior\/?p=1410#respond\"]}]},{\"@type\":\"WebPage\",\"@id\":\"https:\/\/serraniagua.org\/anterior\/?p=1410\",\"url\":\"https:\/\/serraniagua.org\/anterior\/?p=1410\",\"name\":\"Nuevas especies y notas sobre Hippotis sudamericanos y Schradera - Serraniagua\",\"isPartOf\":{\"@id\":\"https:\/\/serraniagua.org\/anterior\/#website\"},\"datePublished\":\"2020-11-11T21:03:12+00:00\",\"dateModified\":\"2020-11-12T23:42:52+00:00\",\"breadcrumb\":{\"@id\":\"https:\/\/serraniagua.org\/anterior\/?p=1410#breadcrumb\"},\"inLanguage\":\"es-CO\",\"potentialAction\":[{\"@type\":\"ReadAction\",\"target\":[\"https:\/\/serraniagua.org\/anterior\/?p=1410\"]}]},{\"@type\":\"BreadcrumbList\",\"@id\":\"https:\/\/serraniagua.org\/anterior\/?p=1410#breadcrumb\",\"itemListElement\":[{\"@type\":\"ListItem\",\"position\":1,\"name\":\"Inicio\",\"item\":\"https:\/\/serraniagua.org\/anterior\/\"},{\"@type\":\"ListItem\",\"position\":2,\"name\":\"Nuevas especies y notas sobre Hippotis sudamericanos y Schradera\"}]},{\"@type\":\"WebSite\",\"@id\":\"https:\/\/serraniagua.org\/anterior\/#website\",\"url\":\"https:\/\/serraniagua.org\/anterior\/\",\"name\":\"Serraniagua\",\"description\":\"Organizaci\u00f3n Ambiental Comunitaria\",\"publisher\":{\"@id\":\"https:\/\/serraniagua.org\/anterior\/#organization\"},\"potentialAction\":[{\"@type\":\"SearchAction\",\"target\":{\"@type\":\"EntryPoint\",\"urlTemplate\":\"https:\/\/serraniagua.org\/anterior\/?s={search_term_string}\"},\"query-input\":\"required name=search_term_string\"}],\"inLanguage\":\"es-CO\"},{\"@type\":\"Organization\",\"@id\":\"https:\/\/serraniagua.org\/anterior\/#organization\",\"name\":\"Serraniagua\",\"url\":\"https:\/\/serraniagua.org\/anterior\/\",\"logo\":{\"@type\":\"ImageObject\",\"inLanguage\":\"es-CO\",\"@id\":\"https:\/\/serraniagua.org\/anterior\/#\/schema\/logo\/image\/\",\"url\":\"https:\/\/serraniagua.org\/anterior\/wp-content\/uploads\/2021\/02\/logo_footer_color.png\",\"contentUrl\":\"https:\/\/serraniagua.org\/anterior\/wp-content\/uploads\/2021\/02\/logo_footer_color.png\",\"width\":224,\"height\":86,\"caption\":\"Serraniagua\"},\"image\":{\"@id\":\"https:\/\/serraniagua.org\/anterior\/#\/schema\/logo\/image\/\"},\"sameAs\":[\"https:\/\/www.facebook.com\/Serraniagua\",\"https:\/\/twitter.com\/Serraniagua\",\"https:\/\/www.instagram.com\/serraniagua_org\/\"]},{\"@type\":\"Person\",\"@id\":\"https:\/\/serraniagua.org\/anterior\/#\/schema\/person\/8950aa256d6f6cf19b4877561b6345af\",\"name\":\"C\u00e9sar Gonz\u00e1lez\",\"image\":{\"@type\":\"ImageObject\",\"inLanguage\":\"es-CO\",\"@id\":\"https:\/\/serraniagua.org\/anterior\/#\/schema\/person\/image\/\",\"url\":\"https:\/\/secure.gravatar.com\/avatar\/42d3de3272460b567e96ec7dc42f8da2?s=96&d=mm&r=g\",\"contentUrl\":\"https:\/\/secure.gravatar.com\/avatar\/42d3de3272460b567e96ec7dc42f8da2?s=96&d=mm&r=g\",\"caption\":\"C\u00e9sar Gonz\u00e1lez\"},\"sameAs\":[\"http:\/\/localhost\/_serraniagua\"],\"url\":\"https:\/\/serraniagua.org\/anterior\/?author=1\"}]}<\/script>\n<!-- \/ Yoast SEO plugin. -->","yoast_head_json":{"title":"Nuevas especies y notas sobre Hippotis sudamericanos y Schradera - Serraniagua","robots":{"index":"noindex","follow":"follow","max-snippet":"max-snippet:-1","max-image-preview":"max-image-preview:large","max-video-preview":"max-video-preview:-1"},"og_locale":"es_ES","og_type":"article","og_title":"Nuevas especies y notas sobre Hippotis sudamericanos y Schradera - Serraniagua","og_description":"Una nueva especie de arbusto trepador de la familia Rubiacea, Schradera francoae: registrada en los bosques de niebla de la Serran\u00eda de os Paraguas en San Jos\u00e9 del Palmar (Choc\u00f3).","og_url":"https:\/\/serraniagua.org\/anterior\/?p=1410","og_site_name":"Serraniagua","article_publisher":"https:\/\/www.facebook.com\/Serraniagua","article_published_time":"2020-11-11T21:03:12+00:00","article_modified_time":"2020-11-12T23:42:52+00:00","og_image":[{"width":343,"height":308,"url":"https:\/\/serraniagua.org\/anterior\/wp-content\/uploads\/2020\/11\/cover_noticia.jpg","type":"image\/jpeg"}],"author":"C\u00e9sar Gonz\u00e1lez","twitter_card":"summary_large_image","twitter_creator":"@Serraniagua","twitter_site":"@Serraniagua","twitter_misc":{"Escrito por":"C\u00e9sar Gonz\u00e1lez","Tiempo estimado de lectura":"1 minuto"},"schema":{"@context":"https:\/\/schema.org","@graph":[{"@type":"Article","@id":"https:\/\/serraniagua.org\/anterior\/?p=1410#article","isPartOf":{"@id":"https:\/\/serraniagua.org\/anterior\/?p=1410"},"author":{"name":"C\u00e9sar Gonz\u00e1lez","@id":"https:\/\/serraniagua.org\/anterior\/#\/schema\/person\/8950aa256d6f6cf19b4877561b6345af"},"headline":"Nuevas especies y notas sobre Hippotis sudamericanos y Schradera","datePublished":"2020-11-11T21:03:12+00:00","dateModified":"2020-11-12T23:42:52+00:00","mainEntityOfPage":{"@id":"https:\/\/serraniagua.org\/anterior\/?p=1410"},"wordCount":266,"commentCount":0,"publisher":{"@id":"https:\/\/serraniagua.org\/anterior\/#organization"},"articleSection":["Noticias"],"inLanguage":"es-CO","potentialAction":[{"@type":"CommentAction","name":"Comment","target":["https:\/\/serraniagua.org\/anterior\/?p=1410#respond"]}]},{"@type":"WebPage","@id":"https:\/\/serraniagua.org\/anterior\/?p=1410","url":"https:\/\/serraniagua.org\/anterior\/?p=1410","name":"Nuevas especies y notas sobre Hippotis sudamericanos y Schradera - Serraniagua","isPartOf":{"@id":"https:\/\/serraniagua.org\/anterior\/#website"},"datePublished":"2020-11-11T21:03:12+00:00","dateModified":"2020-11-12T23:42:52+00:00","breadcrumb":{"@id":"https:\/\/serraniagua.org\/anterior\/?p=1410#breadcrumb"},"inLanguage":"es-CO","potentialAction":[{"@type":"ReadAction","target":["https:\/\/serraniagua.org\/anterior\/?p=1410"]}]},{"@type":"BreadcrumbList","@id":"https:\/\/serraniagua.org\/anterior\/?p=1410#breadcrumb","itemListElement":[{"@type":"ListItem","position":1,"name":"Inicio","item":"https:\/\/serraniagua.org\/anterior\/"},{"@type":"ListItem","position":2,"name":"Nuevas especies y notas sobre Hippotis sudamericanos y Schradera"}]},{"@type":"WebSite","@id":"https:\/\/serraniagua.org\/anterior\/#website","url":"https:\/\/serraniagua.org\/anterior\/","name":"Serraniagua","description":"Organizaci\u00f3n Ambiental Comunitaria","publisher":{"@id":"https:\/\/serraniagua.org\/anterior\/#organization"},"potentialAction":[{"@type":"SearchAction","target":{"@type":"EntryPoint","urlTemplate":"https:\/\/serraniagua.org\/anterior\/?s={search_term_string}"},"query-input":"required name=search_term_string"}],"inLanguage":"es-CO"},{"@type":"Organization","@id":"https:\/\/serraniagua.org\/anterior\/#organization","name":"Serraniagua","url":"https:\/\/serraniagua.org\/anterior\/","logo":{"@type":"ImageObject","inLanguage":"es-CO","@id":"https:\/\/serraniagua.org\/anterior\/#\/schema\/logo\/image\/","url":"https:\/\/serraniagua.org\/anterior\/wp-content\/uploads\/2021\/02\/logo_footer_color.png","contentUrl":"https:\/\/serraniagua.org\/anterior\/wp-content\/uploads\/2021\/02\/logo_footer_color.png","width":224,"height":86,"caption":"Serraniagua"},"image":{"@id":"https:\/\/serraniagua.org\/anterior\/#\/schema\/logo\/image\/"},"sameAs":["https:\/\/www.facebook.com\/Serraniagua","https:\/\/twitter.com\/Serraniagua","https:\/\/www.instagram.com\/serraniagua_org\/"]},{"@type":"Person","@id":"https:\/\/serraniagua.org\/anterior\/#\/schema\/person\/8950aa256d6f6cf19b4877561b6345af","name":"C\u00e9sar Gonz\u00e1lez","image":{"@type":"ImageObject","inLanguage":"es-CO","@id":"https:\/\/serraniagua.org\/anterior\/#\/schema\/person\/image\/","url":"https:\/\/secure.gravatar.com\/avatar\/42d3de3272460b567e96ec7dc42f8da2?s=96&d=mm&r=g","contentUrl":"https:\/\/secure.gravatar.com\/avatar\/42d3de3272460b567e96ec7dc42f8da2?s=96&d=mm&r=g","caption":"C\u00e9sar Gonz\u00e1lez"},"sameAs":["http:\/\/localhost\/_serraniagua"],"url":"https:\/\/serraniagua.org\/anterior\/?author=1"}]}},"_links":{"self":[{"href":"https:\/\/serraniagua.org\/anterior\/index.php?rest_route=\/wp\/v2\/posts\/1410"}],"collection":[{"href":"https:\/\/serraniagua.org\/anterior\/index.php?rest_route=\/wp\/v2\/posts"}],"about":[{"href":"https:\/\/serraniagua.org\/anterior\/index.php?rest_route=\/wp\/v2\/types\/post"}],"author":[{"embeddable":true,"href":"https:\/\/serraniagua.org\/anterior\/index.php?rest_route=\/wp\/v2\/users\/1"}],"replies":[{"embeddable":true,"href":"https:\/\/serraniagua.org\/anterior\/index.php?rest_route=%2Fwp%2Fv2%2Fcomments&post=1410"}],"version-history":[{"count":14,"href":"https:\/\/serraniagua.org\/anterior\/index.php?rest_route=\/wp\/v2\/posts\/1410\/revisions"}],"predecessor-version":[{"id":1517,"href":"https:\/\/serraniagua.org\/anterior\/index.php?rest_route=\/wp\/v2\/posts\/1410\/revisions\/1517"}],"wp:featuredmedia":[{"embeddable":true,"href":"https:\/\/serraniagua.org\/anterior\/index.php?rest_route=\/wp\/v2\/media\/1483"}],"wp:attachment":[{"href":"https:\/\/serraniagua.org\/anterior\/index.php?rest_route=%2Fwp%2Fv2%2Fmedia&parent=1410"}],"wp:term":[{"taxonomy":"category","embeddable":true,"href":"https:\/\/serraniagua.org\/anterior\/index.php?rest_route=%2Fwp%2Fv2%2Fcategories&post=1410"},{"taxonomy":"post_tag","embeddable":true,"href":"https:\/\/serraniagua.org\/anterior\/index.php?rest_route=%2Fwp%2Fv2%2Ftags&post=1410"}],"curies":[{"name":"wp","href":"https:\/\/api.w.org\/{rel}","templated":true}]}}